{"id":635,"date":"2025-09-25T17:48:00","date_gmt":"2025-09-25T15:48:00","guid":{"rendered":"https:\/\/www.eur-org.it\/?p=635"},"modified":"2026-01-23T18:09:01","modified_gmt":"2026-01-23T17:09:01","slug":"mozart-schubert-genio-destino-e-arte-della-fuga","status":"publish","type":"post","link":"https:\/\/www.eur-org.it\/?p=635","title":{"rendered":"Mozart &#038; Schubert Genio, destino e arte della fuga"},"content":{"rendered":"\n\n[et_pb_section fb_built=&#8221;1&#8243; _builder_version=&#8221;4.16&#8243; _module_preset=&#8221;default&#8221; custom_padding=&#8221;5px|||||&#8221; global_colors_info=&#8221;{}&#8221;][et_pb_row column_structure=&#8221;1_4,3_4&#8243; _builder_version=&#8221;4.16&#8243; _module_preset=&#8221;default&#8221; global_colors_info=&#8221;{}&#8221;][et_pb_column type=&#8221;1_4&#8243; _builder_version=&#8221;4.16&#8243; _module_preset=&#8221;default&#8221; global_colors_info=&#8221;{}&#8221;][et_pb_image src=&#8221;https:\/\/www.eur-org.it\/wp-content\/uploads\/2026\/01\/Mozart-Schubert-gen-scaled.jpg&#8221; title_text=&#8221;Mozart Schubert-gen&#8221; url=&#8221;https:\/\/artbonus.gov.it\/lista-interventi.html?regione=9&#038;entebeneficiario=3628&#8243; url_new_window=&#8221;on&#8221; _builder_version=&#8221;4.27.5&#8243; _module_preset=&#8221;default&#8221; custom_padding=&#8221;|3px||||&#8221; global_colors_info=&#8221;{}&#8221;][\/et_pb_image][et_pb_image src=&#8221;https:\/\/www.eur-org.it\/wp-content\/uploads\/2026\/01\/Mozart-Schubert-2gen-scaled.jpg&#8221; title_text=&#8221;Mozart Schubert-2gen&#8221; url=&#8221;https:\/\/artbonus.gov.it\/lista-interventi.html?regione=9&#038;entebeneficiario=3628&#8243; url_new_window=&#8221;on&#8221; _builder_version=&#8221;4.27.5&#8243; _module_preset=&#8221;default&#8221; custom_padding=&#8221;|3px||||&#8221; global_colors_info=&#8221;{}&#8221;][\/et_pb_image][\/et_pb_column][et_pb_column type=&#8221;3_4&#8243; _builder_version=&#8221;4.16&#8243; _module_preset=&#8221;default&#8221; global_colors_info=&#8221;{}&#8221;][et_pb_text _builder_version=&#8221;4.27.5&#8243; _module_preset=&#8221;default&#8221; hover_enabled=&#8221;0&#8243; global_colors_info=&#8221;{}&#8221; sticky_enabled=&#8221;0&#8243;]<h2 style=\"text-align: center;\"><strong>Mozart &amp; Schubert &#8211;\u00a0<\/strong><strong>Genio, destino e arte della fuga<\/strong><\/h2>\n<h3 class=\"yiv9278205844default-style\" style=\"text-align: center;\"><strong>Musiche del Quartetto d&#8217; archi Concorde\u00a0<\/strong><strong>Parole di Max Cimatti<\/strong><\/h3>\n<div><\/div>\n<div>Mozart e Schubert, due voci immortali di un\u2019epoca in cui la musica sfida le leggi del tempo e dello spazio.<\/div>\n<div>Wolfgang Amadeus Mozart \u00e8 il prodigio ribelle, il genio capace di unire sublime tecnica e profonda espressivit\u00e0 in opere di straordinaria bellezza e equilibrio.<\/div>\n<div>Franz Schubert vive una vita segnata da profonda sensibilit\u00e0 e malinconia. Fondendo lirismo melodico e intensit\u00e0 emotiva, la sua arte esprime con struggente sincerit\u00e0 l&#8217;animo umano e i suoi contrasti.<\/div>\n<div>A legarli per una sera \u00e8 una delle forme pi\u00f9 affascinanti della musica: la fuga.<\/div>\n<div>Mozart ha solo 17 anni quando scrive il suo Quartetto K173, che si conclude con una meravigliosa fuga finale, costruita con rigore ma anche con leggerezza. Stesso tema della fuga mozartiana viene ripreso da uno Schubert poco pi\u00f9 che sedicenne in apertura del suo Quartetto D46, per poi lanciarsi in un primo movimento animato da intrecci contrappuntistici.<\/div>\n<div>L&#8217;arte della fuga, nelle mani di Mozart e Schubert, si trasforma in un dialogo tra ordine e caos, tra tecnica e sentimento, tra una forma musicale rigorosa e il desiderio di liberarsi di qualsiasi regola.<\/div>\n<p class=\"yiv9278205844default-style\">Attraverso le parole di Max Cimatti e le musiche del Quartetto Concorde, lo spettacolo sar\u00e0 un viaggio alla scoperta dell\u2019eterno conflitto tra talento e demoni interiori, tra genio e inquietudine, tra luce e oscurit\u00e0, ma sar\u00e0 anche un atto di resistenza alla sofferenza e alla fragilit\u00e0 umana.<\/p>\n<div>Spettacolo organizzato dall&#8217; Impresa lirica &#8220;Organizzazione Eur&#8221; di Pesaro (presidente Lorenzo Anibaldi) con il contributo della Regione Marche e Ministero della Cultura.<\/div>\n<div>Per informazioni 3475570410<\/div>[\/et_pb_text][\/et_pb_column][\/et_pb_row][et_pb_row _builder_version=&#8221;4.27.5&#8243; _module_preset=&#8221;default&#8221; column_structure=&#8221;1_4,1_4,1_4,1_4&#8243;][et_pb_column _builder_version=&#8221;4.27.5&#8243; _module_preset=&#8221;default&#8221; type=&#8221;1_4&#8243;][et_pb_text _builder_version=&#8221;4.27.5&#8243; _module_preset=&#8221;default&#8221; hover_enabled=&#8221;0&#8243; sticky_enabled=&#8221;0&#8243;]<p style=\"text-align: center;\"><strong>Sabato 4 Ottobre<\/strong><br \/><strong>Castelbellino (AN)<\/strong><br \/>Sala Margherita Hack<br \/>info e prenotazioni<br \/>347 557 0410<\/p>[\/et_pb_text][\/et_pb_column][et_pb_column _builder_version=&#8221;4.27.5&#8243; _module_preset=&#8221;default&#8221; type=&#8221;1_4&#8243;][et_pb_text _builder_version=&#8221;4.27.5&#8243; _module_preset=&#8221;default&#8221; hover_enabled=&#8221;0&#8243; sticky_enabled=&#8221;0&#8243;]<p style=\"text-align: center;\"><strong>Sabato 1 Novembre<\/strong><br \/><strong>Ostra (AN)<\/strong><br \/>Teatro La Vittoria<br \/>info e prenotazioni<br \/>347 557 0410<\/p>[\/et_pb_text][\/et_pb_column][et_pb_column _builder_version=&#8221;4.27.5&#8243; _module_preset=&#8221;default&#8221; type=&#8221;1_4&#8243;][et_pb_text _builder_version=&#8221;4.27.5&#8243; _module_preset=&#8221;default&#8221; hover_enabled=&#8221;0&#8243; sticky_enabled=&#8221;0&#8243;]<p style=\"text-align: center;\"><strong>Venerd\u00ec 14 Novembre<\/strong><br \/><strong>Corridonia (MC)<\/strong><br \/>Teatro Vellutti<br \/>info e prenotazioni<br \/>347 557 0410<\/p>[\/et_pb_text][\/et_pb_column][et_pb_column _builder_version=&#8221;4.27.5&#8243; _module_preset=&#8221;default&#8221; type=&#8221;1_4&#8243;][et_pb_text _builder_version=&#8221;4.27.5&#8243; _module_preset=&#8221;default&#8221; hover_enabled=&#8221;0&#8243; sticky_enabled=&#8221;0&#8243;]<p style=\"text-align: center;\"><strong>Sabato 27 Dicembre<\/strong><br \/><strong>Fabriano (AN)<\/strong><br \/>Oratorio della Carit\u00e0<br \/>info e prenotazioni<br \/>347 557 0410<\/p>[\/et_pb_text][\/et_pb_column][\/et_pb_row][\/et_pb_section]\n\n","protected":false},"excerpt":{"rendered":"<p>Mozart &amp; Schubert &#8211;\u00a0Genio, destino e arte della fuga Musiche del Quartetto d&#8217; archi Concorde\u00a0Parole di Max Cimatti Mozart e Schubert, due voci immortali di un\u2019epoca in cui la musica sfida le leggi del tempo e dello spazio. Wolfgang Amadeus Mozart \u00e8 il prodigio ribelle, il genio capace di unire sublime tecnica e profonda espressivit\u00e0 [&hellip;]<\/p>\n","protected":false},"author":1,"featured_media":638,"comment_status":"open","ping_status":"open","sticky":false,"template":"","format":"standard","meta":{"_et_pb_use_builder":"on","_et_pb_old_content":"","_et_gb_content_width":""},"categories":[1],"tags":[],"_links":{"self":[{"href":"https:\/\/www.eur-org.it\/index.php?rest_route=\/wp\/v2\/posts\/635"}],"collection":[{"href":"https:\/\/www.eur-org.it\/index.php?rest_route=\/wp\/v2\/posts"}],"about":[{"href":"https:\/\/www.eur-org.it\/index.php?rest_route=\/wp\/v2\/types\/post"}],"author":[{"embeddable":true,"href":"https:\/\/www.eur-org.it\/index.php?rest_route=\/wp\/v2\/users\/1"}],"replies":[{"embeddable":true,"href":"https:\/\/www.eur-org.it\/index.php?rest_route=%2Fwp%2Fv2%2Fcomments&post=635"}],"version-history":[{"count":5,"href":"https:\/\/www.eur-org.it\/index.php?rest_route=\/wp\/v2\/posts\/635\/revisions"}],"predecessor-version":[{"id":644,"href":"https:\/\/www.eur-org.it\/index.php?rest_route=\/wp\/v2\/posts\/635\/revisions\/644"}],"wp:featuredmedia":[{"embeddable":true,"href":"https:\/\/www.eur-org.it\/index.php?rest_route=\/wp\/v2\/media\/638"}],"wp:attachment":[{"href":"https:\/\/www.eur-org.it\/index.php?rest_route=%2Fwp%2Fv2%2Fmedia&parent=635"}],"wp:term":[{"taxonomy":"category","embeddable":true,"href":"https:\/\/www.eur-org.it\/index.php?rest_route=%2Fwp%2Fv2%2Fcategories&post=635"},{"taxonomy":"post_tag","embeddable":true,"href":"https:\/\/www.eur-org.it\/index.php?rest_route=%2Fwp%2Fv2%2Ftags&post=635"}],"curies":[{"name":"wp","href":"https:\/\/api.w.org\/{rel}","templated":true}]}}