{"id":468,"date":"2023-04-03T19:15:00","date_gmt":"2023-04-03T17:15:00","guid":{"rendered":"https:\/\/www.eur-org.it\/?p=468"},"modified":"2024-12-04T19:21:13","modified_gmt":"2024-12-04T18:21:13","slug":"stagione-artistica-2023-24-del-teatro-giuseppe-verdi-di-salerno-assistenza-amministrativa","status":"publish","type":"post","link":"https:\/\/www.eur-org.it\/?p=468","title":{"rendered":"Stagione Artistica 2023-24 del Teatro Giuseppe Verdi di Salerno &#8211; assistenza amministrativa"},"content":{"rendered":"\n[et_pb_section fb_built=&#8221;1&#8243; _builder_version=&#8221;4.16&#8243; _module_preset=&#8221;default&#8221; custom_padding=&#8221;5px|||||&#8221; global_colors_info=&#8221;{}&#8221; theme_builder_area=&#8221;post_content&#8221;][et_pb_row column_structure=&#8221;1_4,3_4&#8243; _builder_version=&#8221;4.16&#8243; _module_preset=&#8221;default&#8221; global_colors_info=&#8221;{}&#8221; theme_builder_area=&#8221;post_content&#8221;][et_pb_column type=&#8221;1_4&#8243; _builder_version=&#8221;4.16&#8243; _module_preset=&#8221;default&#8221; global_colors_info=&#8221;{}&#8221; theme_builder_area=&#8221;post_content&#8221;][et_pb_image src=&#8221;https:\/\/www.eur-org.it\/wp-content\/uploads\/2021\/08\/Teatro_Verdi_972-Salerno.jpg&#8221; title_text=&#8221;Teatro_Verdi_972-Salerno&#8221; _builder_version=&#8221;4.27.4&#8243; _module_preset=&#8221;default&#8221; custom_padding=&#8221;|3px||||&#8221; hover_enabled=&#8221;0&#8243; global_colors_info=&#8221;{}&#8221; theme_builder_area=&#8221;post_content&#8221; sticky_enabled=&#8221;0&#8243;][\/et_pb_image][\/et_pb_column][et_pb_column type=&#8221;3_4&#8243; _builder_version=&#8221;4.16&#8243; _module_preset=&#8221;default&#8221; global_colors_info=&#8221;{}&#8221; theme_builder_area=&#8221;post_content&#8221;][et_pb_text _builder_version=&#8221;4.27.4&#8243; _module_preset=&#8221;default&#8221; hover_enabled=&#8221;0&#8243; global_colors_info=&#8221;{}&#8221; theme_builder_area=&#8221;post_content&#8221; sticky_enabled=&#8221;0&#8243;]<p><span>Anche per la Stagione Artistica 2023-24 del Teatro Giuseppe Verdi di Salerno -TEATRO DI TRADIZIONE &#8211; la nostra societ\u00e0 collaborer\u00e0 con l&#8217;Am.ne comunale per l&#8217;attivit\u00e0 di assistenza alle procedure tecnico-amministrative inerenti alla realizzazione della stagione lirica e concertistica (n\u00b0 6 opere liriche, n\u00b0 13 concerti, n\u00b0 2 balletti, n\u00b0 3 musicals e masterclass) nonch\u00e8 per i rapporti col Ministero della Cultura inerenti le procedure per l&#8217;ottenimento dei co-finanziamenti.<\/span><\/p>[\/et_pb_text][\/et_pb_column][\/et_pb_row][\/et_pb_section]\n","protected":false},"excerpt":{"rendered":"<p>Anche per la Stagione Artistica 2023-24 del Teatro Giuseppe Verdi di Salerno -TEATRO DI TRADIZIONE &#8211; la nostra societ\u00e0 collaborer\u00e0 con l&#8217;Am.ne comunale per l&#8217;attivit\u00e0 di assistenza alle procedure tecnico-amministrative inerenti alla realizzazione della stagione lirica e concertistica (n\u00b0 6 opere liriche, n\u00b0 13 concerti, n\u00b0 2 balletti, n\u00b0 3 musicals e masterclass) nonch\u00e8 per [&hellip;]<\/p>\n","protected":false},"author":1,"featured_media":0,"comment_status":"open","ping_status":"open","sticky":false,"template":"","format":"standard","meta":{"_et_pb_use_builder":"on","_et_pb_old_content":"","_et_gb_content_width":""},"categories":[1],"tags":[],"_links":{"self":[{"href":"https:\/\/www.eur-org.it\/index.php?rest_route=\/wp\/v2\/posts\/468"}],"collection":[{"href":"https:\/\/www.eur-org.it\/index.php?rest_route=\/wp\/v2\/posts"}],"about":[{"href":"https:\/\/www.eur-org.it\/index.php?rest_route=\/wp\/v2\/types\/post"}],"author":[{"embeddable":true,"href":"https:\/\/www.eur-org.it\/index.php?rest_route=\/wp\/v2\/users\/1"}],"replies":[{"embeddable":true,"href":"https:\/\/www.eur-org.it\/index.php?rest_route=%2Fwp%2Fv2%2Fcomments&post=468"}],"version-history":[{"count":3,"href":"https:\/\/www.eur-org.it\/index.php?rest_route=\/wp\/v2\/posts\/468\/revisions"}],"predecessor-version":[{"id":472,"href":"https:\/\/www.eur-org.it\/index.php?rest_route=\/wp\/v2\/posts\/468\/revisions\/472"}],"wp:attachment":[{"href":"https:\/\/www.eur-org.it\/index.php?rest_route=%2Fwp%2Fv2%2Fmedia&parent=468"}],"wp:term":[{"taxonomy":"category","embeddable":true,"href":"https:\/\/www.eur-org.it\/index.php?rest_route=%2Fwp%2Fv2%2Fcategories&post=468"},{"taxonomy":"post_tag","embeddable":true,"href":"https:\/\/www.eur-org.it\/index.php?rest_route=%2Fwp%2Fv2%2Ftags&post=468"}],"curies":[{"name":"wp","href":"https:\/\/api.w.org\/{rel}","templated":true}]}}